{"id":8360,"date":"2026-03-11T10:42:11","date_gmt":"2026-03-11T09:42:11","guid":{"rendered":"https:\/\/ms-mil.de\/?p=8360"},"modified":"2026-04-29T13:45:56","modified_gmt":"2026-04-29T11:45:56","slug":"neue-baenke-fuer-den-pausenhof","status":"publish","type":"post","link":"https:\/\/ms-mil.de\/?p=8360","title":{"rendered":"Neue B\u00e4nke f\u00fcr den Pausenhof"},"content":{"rendered":"\n<p>Die Joachim und Susanne-Schulz-Stiftung aus Amorbach, die Firma Oswald und die Zimmerei Weimer aus Eichenb\u00fchl unterst\u00fctzen uns und planen zusammen mit unserer Technikgruppe 8 und dem Werklehrer Alexander H\u00f6ring vier neue B\u00e4nke f\u00fcr den Pausenhof. Nach der Planung und Zeichnung erfolgt die praktische Umsetzung in den Betriebsgeb\u00e4uden der Fa. Oswald und der Zimmerei. Hier wird geschwei\u00dft, gefr\u00e4st und konstruiert, ges\u00e4gt, gehobelt und gebohrt.&nbsp;<\/p>\n<p><strong>Am 29. April wurden die 4 B\u00e4nke das erstemal f\u00fcr alle im Pausenhof aufgestellt.&nbsp;<\/strong><\/p>\n<p>F\u00fcr alle teilnehmenden Sch\u00fclerinnen und Sch\u00fcler und die Firmen findet Mitte Juli eine gro\u00dfe Besichtigung und der sogenannte Projektabschluss \"Selber.Machen\" statt. &nbsp;<br><br>Mit dabei waren: Auaad, Yazan, Leo, Lennart, Asra, Malik, Tom und Lorenz<br><br>Folgend seht ihr ein paar Eindr\u00fccke von dem Projekt:<\/p>\n\n\n\n<figure class=\"wp-block-image size-large\"><img decoding=\"async\" loading=\"lazy\" width=\"768\" height=\"1024\" src=\"https:\/\/ms-mil.de\/wp-content\/uploads\/2026\/03\/Holzarten-Baenke-768x1024.jpg\" alt=\"\" class=\"wp-image-8361\" srcset=\"https:\/\/ms-mil.de\/wp-content\/uploads\/2026\/03\/Holzarten-Baenke-768x1024.jpg 768w, https:\/\/ms-mil.de\/wp-content\/uploads\/2026\/03\/Holzarten-Baenke-225x300.jpg 225w, https:\/\/ms-mil.de\/wp-content\/uploads\/2026\/03\/Holzarten-Baenke-1152x1536.jpg 1152w, https:\/\/ms-mil.de\/wp-content\/uploads\/2026\/03\/Holzarten-Baenke-1536x2048.jpg 1536w, https:\/\/ms-mil.de\/wp-content\/uploads\/2026\/03\/Holzarten-Baenke-960x1280.jpg 960w, https:\/\/ms-mil.de\/wp-content\/uploads\/2026\/03\/Holzarten-Baenke-scaled.jpg 1920w\" sizes=\"(max-width: 768px) 100vw, 768px\" \/><figcaption class=\"wp-element-caption\">Auswahl des Holzes: Wir entscheiden uns f\u00fcr unten rechts die Eiche!<\/figcaption><\/figure>\n\n\n\n\n\n<figure class=\"wp-block-image size-large\"><img decoding=\"async\" loading=\"lazy\" width=\"1024\" height=\"768\" src=\"https:\/\/ms-mil.de\/wp-content\/uploads\/2026\/03\/IMG_9307-1024x768.jpg\" alt=\"\" class=\"wp-image-8364\" srcset=\"https:\/\/ms-mil.de\/wp-content\/uploads\/2026\/03\/IMG_9307-1024x768.jpg 1024w, https:\/\/ms-mil.de\/wp-content\/uploads\/2026\/03\/IMG_9307-300x225.jpg 300w, https:\/\/ms-mil.de\/wp-content\/uploads\/2026\/03\/IMG_9307-768x576.jpg 768w, https:\/\/ms-mil.de\/wp-content\/uploads\/2026\/03\/IMG_9307-1536x1152.jpg 1536w, https:\/\/ms-mil.de\/wp-content\/uploads\/2026\/03\/IMG_9307-2048x1536.jpg 2048w, https:\/\/ms-mil.de\/wp-content\/uploads\/2026\/03\/IMG_9307-960x720.jpg 960w\" sizes=\"(max-width: 1024px) 100vw, 1024px\" \/><figcaption class=\"wp-element-caption\">Nach den Skizzen bauten wir ein kleines Modell.<\/figcaption><\/figure>\n\n\n\n\n\n<figure class=\"wp-block-image size-large\"><img decoding=\"async\" loading=\"lazy\" width=\"1024\" height=\"768\" src=\"https:\/\/ms-mil.de\/wp-content\/uploads\/2026\/03\/IMG_9308-1024x768.jpg\" alt=\"\" class=\"wp-image-8365\" srcset=\"https:\/\/ms-mil.de\/wp-content\/uploads\/2026\/03\/IMG_9308-1024x768.jpg 1024w, https:\/\/ms-mil.de\/wp-content\/uploads\/2026\/03\/IMG_9308-300x225.jpg 300w, https:\/\/ms-mil.de\/wp-content\/uploads\/2026\/03\/IMG_9308-768x576.jpg 768w, https:\/\/ms-mil.de\/wp-content\/uploads\/2026\/03\/IMG_9308-1536x1152.jpg 1536w, https:\/\/ms-mil.de\/wp-content\/uploads\/2026\/03\/IMG_9308-2048x1536.jpg 2048w, https:\/\/ms-mil.de\/wp-content\/uploads\/2026\/03\/IMG_9308-960x720.jpg 960w\" sizes=\"(max-width: 1024px) 100vw, 1024px\" \/><figcaption class=\"wp-element-caption\">Die Seitenw\u00e4nde sind sp\u00e4ter nat\u00fcrlich aus Stahl oder Edelstahl der Fa. Oswald<br><\/figcaption><\/figure>\n\n\n\n<figure class=\"wp-block-image size-large\"><img decoding=\"async\" loading=\"lazy\" width=\"1024\" height=\"768\" src=\"https:\/\/ms-mil.de\/wp-content\/uploads\/2026\/03\/IMG_9309-1024x768.jpg\" alt=\"\" class=\"wp-image-8366\" srcset=\"https:\/\/ms-mil.de\/wp-content\/uploads\/2026\/03\/IMG_9309-1024x768.jpg 1024w, https:\/\/ms-mil.de\/wp-content\/uploads\/2026\/03\/IMG_9309-300x225.jpg 300w, https:\/\/ms-mil.de\/wp-content\/uploads\/2026\/03\/IMG_9309-768x576.jpg 768w, https:\/\/ms-mil.de\/wp-content\/uploads\/2026\/03\/IMG_9309-1536x1152.jpg 1536w, https:\/\/ms-mil.de\/wp-content\/uploads\/2026\/03\/IMG_9309-2048x1536.jpg 2048w, https:\/\/ms-mil.de\/wp-content\/uploads\/2026\/03\/IMG_9309-960x720.jpg 960w\" sizes=\"(max-width: 1024px) 100vw, 1024px\" \/><figcaption class=\"wp-element-caption\">Hier ein Endruck von der fertigen Bank als Modell<br><\/figcaption><\/figure>\n\n\n\n<figure class=\"wp-block-image size-large\"><img decoding=\"async\" loading=\"lazy\" width=\"1024\" height=\"768\" src=\"https:\/\/ms-mil.de\/wp-content\/uploads\/2026\/03\/IMG_9268-1024x768.jpg\" alt=\"\" class=\"wp-image-8368\" srcset=\"https:\/\/ms-mil.de\/wp-content\/uploads\/2026\/03\/IMG_9268-1024x768.jpg 1024w, https:\/\/ms-mil.de\/wp-content\/uploads\/2026\/03\/IMG_9268-300x225.jpg 300w, https:\/\/ms-mil.de\/wp-content\/uploads\/2026\/03\/IMG_9268-768x576.jpg 768w, https:\/\/ms-mil.de\/wp-content\/uploads\/2026\/03\/IMG_9268-1536x1152.jpg 1536w, https:\/\/ms-mil.de\/wp-content\/uploads\/2026\/03\/IMG_9268-2048x1536.jpg 2048w, https:\/\/ms-mil.de\/wp-content\/uploads\/2026\/03\/IMG_9268-960x720.jpg 960w\" sizes=\"(max-width: 1024px) 100vw, 1024px\" \/><figcaption class=\"wp-element-caption\">Hier die ersten Ideen der Sch\u00fcler und deren Skizzen<br><\/figcaption><\/figure>\n\n\n\n<figure class=\"wp-block-image size-large\"><img decoding=\"async\" loading=\"lazy\" width=\"1024\" height=\"768\" src=\"https:\/\/ms-mil.de\/wp-content\/uploads\/2026\/04\/IMG_9311-1024x768.jpg\" alt=\"\" class=\"wp-image-8384\" srcset=\"https:\/\/ms-mil.de\/wp-content\/uploads\/2026\/04\/IMG_9311-1024x768.jpg 1024w, https:\/\/ms-mil.de\/wp-content\/uploads\/2026\/04\/IMG_9311-300x225.jpg 300w, https:\/\/ms-mil.de\/wp-content\/uploads\/2026\/04\/IMG_9311-768x576.jpg 768w, https:\/\/ms-mil.de\/wp-content\/uploads\/2026\/04\/IMG_9311-1536x1152.jpg 1536w, https:\/\/ms-mil.de\/wp-content\/uploads\/2026\/04\/IMG_9311-2048x1536.jpg 2048w, https:\/\/ms-mil.de\/wp-content\/uploads\/2026\/04\/IMG_9311-960x720.jpg 960w\" sizes=\"(max-width: 1024px) 100vw, 1024px\" \/><\/figure>\n\n\n\n<figure class=\"wp-block-image size-full\"><img decoding=\"async\" loading=\"lazy\" width=\"875\" height=\"312\" src=\"https:\/\/ms-mil.de\/wp-content\/uploads\/2026\/04\/Screenshot-2026-02-25-111111.png\" alt=\"\" class=\"wp-image-8390\" srcset=\"https:\/\/ms-mil.de\/wp-content\/uploads\/2026\/04\/Screenshot-2026-02-25-111111.png 875w, https:\/\/ms-mil.de\/wp-content\/uploads\/2026\/04\/Screenshot-2026-02-25-111111-300x107.png 300w, https:\/\/ms-mil.de\/wp-content\/uploads\/2026\/04\/Screenshot-2026-02-25-111111-768x274.png 768w\" sizes=\"(max-width: 875px) 100vw, 875px\" \/><\/figure>\n\n\n\n<figure class=\"wp-block-image size-large\"><img decoding=\"async\" loading=\"lazy\" width=\"1024\" height=\"768\" src=\"https:\/\/ms-mil.de\/wp-content\/uploads\/2026\/04\/IMG_9545-1024x768.jpg\" alt=\"\" class=\"wp-image-8385\" srcset=\"https:\/\/ms-mil.de\/wp-content\/uploads\/2026\/04\/IMG_9545-1024x768.jpg 1024w, https:\/\/ms-mil.de\/wp-content\/uploads\/2026\/04\/IMG_9545-300x225.jpg 300w, https:\/\/ms-mil.de\/wp-content\/uploads\/2026\/04\/IMG_9545-768x576.jpg 768w, https:\/\/ms-mil.de\/wp-content\/uploads\/2026\/04\/IMG_9545-1536x1152.jpg 1536w, https:\/\/ms-mil.de\/wp-content\/uploads\/2026\/04\/IMG_9545-2048x1536.jpg 2048w, https:\/\/ms-mil.de\/wp-content\/uploads\/2026\/04\/IMG_9545-960x720.jpg 960w\" sizes=\"(max-width: 1024px) 100vw, 1024px\" \/><figcaption class=\"wp-element-caption\">In der Zeimmerei in Eichenb\u00fchl<br><\/figcaption><\/figure>\n\n\n\n<figure class=\"wp-block-image size-large\"><img decoding=\"async\" loading=\"lazy\" width=\"1024\" height=\"578\" src=\"https:\/\/ms-mil.de\/wp-content\/uploads\/2026\/04\/Bildschirmfoto-2026-04-29-um-12.48.02-1024x578.png\" alt=\"\" class=\"wp-image-8391\" srcset=\"https:\/\/ms-mil.de\/wp-content\/uploads\/2026\/04\/Bildschirmfoto-2026-04-29-um-12.48.02-1024x578.png 1024w, https:\/\/ms-mil.de\/wp-content\/uploads\/2026\/04\/Bildschirmfoto-2026-04-29-um-12.48.02-300x169.png 300w, https:\/\/ms-mil.de\/wp-content\/uploads\/2026\/04\/Bildschirmfoto-2026-04-29-um-12.48.02-768x434.png 768w, https:\/\/ms-mil.de\/wp-content\/uploads\/2026\/04\/Bildschirmfoto-2026-04-29-um-12.48.02-1536x867.png 1536w, https:\/\/ms-mil.de\/wp-content\/uploads\/2026\/04\/Bildschirmfoto-2026-04-29-um-12.48.02-960x542.png 960w, https:\/\/ms-mil.de\/wp-content\/uploads\/2026\/04\/Bildschirmfoto-2026-04-29-um-12.48.02.png 2026w\" sizes=\"(max-width: 1024px) 100vw, 1024px\" \/><figcaption class=\"wp-element-caption\">Der Bauplan der Fa. Oswald<\/figcaption><\/figure>\n\n\n\n<figure class=\"wp-block-image size-large\"><img decoding=\"async\" loading=\"lazy\" width=\"1024\" height=\"768\" src=\"https:\/\/ms-mil.de\/wp-content\/uploads\/2026\/04\/IMG_9548-1024x768.jpg\" alt=\"\" class=\"wp-image-8386\" srcset=\"https:\/\/ms-mil.de\/wp-content\/uploads\/2026\/04\/IMG_9548-1024x768.jpg 1024w, https:\/\/ms-mil.de\/wp-content\/uploads\/2026\/04\/IMG_9548-300x225.jpg 300w, https:\/\/ms-mil.de\/wp-content\/uploads\/2026\/04\/IMG_9548-768x576.jpg 768w, https:\/\/ms-mil.de\/wp-content\/uploads\/2026\/04\/IMG_9548-1536x1152.jpg 1536w, https:\/\/ms-mil.de\/wp-content\/uploads\/2026\/04\/IMG_9548-2048x1536.jpg 2048w, https:\/\/ms-mil.de\/wp-content\/uploads\/2026\/04\/IMG_9548-960x720.jpg 960w\" sizes=\"(max-width: 1024px) 100vw, 1024px\" \/><figcaption class=\"wp-element-caption\">Leo beim Zuschnitt<br><\/figcaption><\/figure>\n\n\n\n<figure class=\"wp-block-image size-large\"><img decoding=\"async\" loading=\"lazy\" width=\"1024\" height=\"768\" src=\"https:\/\/ms-mil.de\/wp-content\/uploads\/2026\/04\/IMG_9547-1024x768.jpg\" alt=\"\" class=\"wp-image-8387\" srcset=\"https:\/\/ms-mil.de\/wp-content\/uploads\/2026\/04\/IMG_9547-1024x768.jpg 1024w, https:\/\/ms-mil.de\/wp-content\/uploads\/2026\/04\/IMG_9547-300x225.jpg 300w, https:\/\/ms-mil.de\/wp-content\/uploads\/2026\/04\/IMG_9547-768x576.jpg 768w, https:\/\/ms-mil.de\/wp-content\/uploads\/2026\/04\/IMG_9547-1536x1152.jpg 1536w, https:\/\/ms-mil.de\/wp-content\/uploads\/2026\/04\/IMG_9547-2048x1536.jpg 2048w, https:\/\/ms-mil.de\/wp-content\/uploads\/2026\/04\/IMG_9547-960x720.jpg 960w\" sizes=\"(max-width: 1024px) 100vw, 1024px\" \/><figcaption class=\"wp-element-caption\">Die Au\u00dfenteile des Brettes sind nicht f\u00fcr die B\u00e4nke geeignet.<br><\/figcaption><\/figure>\n\n\n\n<figure class=\"wp-block-image size-large\"><img decoding=\"async\" loading=\"lazy\" width=\"1024\" height=\"768\" src=\"https:\/\/ms-mil.de\/wp-content\/uploads\/2026\/04\/IMG_9671-1024x768.jpg\" alt=\"\" class=\"wp-image-8388\" srcset=\"https:\/\/ms-mil.de\/wp-content\/uploads\/2026\/04\/IMG_9671-1024x768.jpg 1024w, https:\/\/ms-mil.de\/wp-content\/uploads\/2026\/04\/IMG_9671-300x225.jpg 300w, https:\/\/ms-mil.de\/wp-content\/uploads\/2026\/04\/IMG_9671-768x576.jpg 768w, https:\/\/ms-mil.de\/wp-content\/uploads\/2026\/04\/IMG_9671-1536x1152.jpg 1536w, https:\/\/ms-mil.de\/wp-content\/uploads\/2026\/04\/IMG_9671-2048x1536.jpg 2048w, https:\/\/ms-mil.de\/wp-content\/uploads\/2026\/04\/IMG_9671-960x720.jpg 960w\" sizes=\"(max-width: 1024px) 100vw, 1024px\" \/><figcaption class=\"wp-element-caption\">Lieferung, ausladen und ersteinmal abstellen<br><\/figcaption><\/figure>\n\n\n\n<figure class=\"wp-block-image size-large\"><img decoding=\"async\" loading=\"lazy\" width=\"1024\" height=\"768\" src=\"https:\/\/ms-mil.de\/wp-content\/uploads\/2026\/04\/IMG_9673-1024x768.jpg\" alt=\"\" class=\"wp-image-8389\" srcset=\"https:\/\/ms-mil.de\/wp-content\/uploads\/2026\/04\/IMG_9673-1024x768.jpg 1024w, https:\/\/ms-mil.de\/wp-content\/uploads\/2026\/04\/IMG_9673-300x225.jpg 300w, https:\/\/ms-mil.de\/wp-content\/uploads\/2026\/04\/IMG_9673-768x576.jpg 768w, https:\/\/ms-mil.de\/wp-content\/uploads\/2026\/04\/IMG_9673-1536x1152.jpg 1536w, https:\/\/ms-mil.de\/wp-content\/uploads\/2026\/04\/IMG_9673-2048x1536.jpg 2048w, https:\/\/ms-mil.de\/wp-content\/uploads\/2026\/04\/IMG_9673-960x720.jpg 960w\" sizes=\"(max-width: 1024px) 100vw, 1024px\" \/><figcaption class=\"wp-element-caption\">Vorr\u00fcbergehend hier abgestellt, im Hof der Mittelschule<\/figcaption><\/figure>\n\n\n\n<figure class=\"wp-block-image size-large is-resized\"><img decoding=\"async\" loading=\"lazy\" src=\"https:\/\/ms-mil.de\/wp-content\/uploads\/2026\/04\/IMG_1887-768x1024.jpg\" alt=\"\" class=\"wp-image-8395\" width=\"576\" height=\"768\" srcset=\"https:\/\/ms-mil.de\/wp-content\/uploads\/2026\/04\/IMG_1887-768x1024.jpg 768w, https:\/\/ms-mil.de\/wp-content\/uploads\/2026\/04\/IMG_1887-225x300.jpg 225w, https:\/\/ms-mil.de\/wp-content\/uploads\/2026\/04\/IMG_1887-1152x1536.jpg 1152w, https:\/\/ms-mil.de\/wp-content\/uploads\/2026\/04\/IMG_1887-1536x2048.jpg 1536w, https:\/\/ms-mil.de\/wp-content\/uploads\/2026\/04\/IMG_1887-960x1280.jpg 960w, https:\/\/ms-mil.de\/wp-content\/uploads\/2026\/04\/IMG_1887-scaled.jpg 1920w\" sizes=\"(max-width: 576px) 100vw, 576px\" \/><figcaption class=\"wp-element-caption\">Lorenz beim Abkanten<\/figcaption><\/figure>\n\n\n\n\n\n<figure class=\"wp-block-image size-large is-resized\"><img decoding=\"async\" loading=\"lazy\" src=\"https:\/\/ms-mil.de\/wp-content\/uploads\/2026\/04\/IMG_20260420_113237844_HDR-768x1024.jpg\" alt=\"\" class=\"wp-image-8397\" width=\"576\" height=\"768\" srcset=\"https:\/\/ms-mil.de\/wp-content\/uploads\/2026\/04\/IMG_20260420_113237844_HDR-768x1024.jpg 768w, https:\/\/ms-mil.de\/wp-content\/uploads\/2026\/04\/IMG_20260420_113237844_HDR-225x300.jpg 225w, https:\/\/ms-mil.de\/wp-content\/uploads\/2026\/04\/IMG_20260420_113237844_HDR-1152x1536.jpg 1152w, https:\/\/ms-mil.de\/wp-content\/uploads\/2026\/04\/IMG_20260420_113237844_HDR-1536x2048.jpg 1536w, https:\/\/ms-mil.de\/wp-content\/uploads\/2026\/04\/IMG_20260420_113237844_HDR-960x1280.jpg 960w, https:\/\/ms-mil.de\/wp-content\/uploads\/2026\/04\/IMG_20260420_113237844_HDR-scaled.jpg 1920w\" sizes=\"(max-width: 576px) 100vw, 576px\" \/><figcaption class=\"wp-element-caption\">Mykola und Malik beim Anrei\u00dfen der Haltestege<\/figcaption><\/figure>\n\n\n\n<figure class=\"wp-block-image size-large\"><img decoding=\"async\" loading=\"lazy\" width=\"759\" height=\"1024\" src=\"https:\/\/ms-mil.de\/wp-content\/uploads\/2026\/04\/IMG_20260420_102536395-759x1024.jpg\" alt=\"\" class=\"wp-image-8398\" srcset=\"https:\/\/ms-mil.de\/wp-content\/uploads\/2026\/04\/IMG_20260420_102536395-759x1024.jpg 759w, https:\/\/ms-mil.de\/wp-content\/uploads\/2026\/04\/IMG_20260420_102536395-222x300.jpg 222w, https:\/\/ms-mil.de\/wp-content\/uploads\/2026\/04\/IMG_20260420_102536395-768x1036.jpg 768w, https:\/\/ms-mil.de\/wp-content\/uploads\/2026\/04\/IMG_20260420_102536395-1139x1536.jpg 1139w, https:\/\/ms-mil.de\/wp-content\/uploads\/2026\/04\/IMG_20260420_102536395-1518x2048.jpg 1518w, https:\/\/ms-mil.de\/wp-content\/uploads\/2026\/04\/IMG_20260420_102536395-960x1295.jpg 960w, https:\/\/ms-mil.de\/wp-content\/uploads\/2026\/04\/IMG_20260420_102536395-scaled.jpg 1898w\" sizes=\"(max-width: 759px) 100vw, 759px\" \/><\/figure>\n\n\n\n<figure class=\"wp-block-image size-full\"><img decoding=\"async\" loading=\"lazy\" width=\"480\" height=\"640\" src=\"https:\/\/ms-mil.de\/wp-content\/uploads\/2026\/04\/IMG_1906-rotated.jpeg\" alt=\"\" class=\"wp-image-8399\" srcset=\"https:\/\/ms-mil.de\/wp-content\/uploads\/2026\/04\/IMG_1906-rotated.jpeg 480w, https:\/\/ms-mil.de\/wp-content\/uploads\/2026\/04\/IMG_1906-225x300.jpeg 225w\" sizes=\"(max-width: 480px) 100vw, 480px\" \/><figcaption class=\"wp-element-caption\">Lennart, Malik, Lorenz und Mykola bei der Montage der Holzteile mit den Metallf\u00fc\u00dfen<\/figcaption><\/figure>\n\n\n\n<figure class=\"wp-block-image size-full\"><img decoding=\"async\" loading=\"lazy\" width=\"480\" height=\"640\" src=\"https:\/\/ms-mil.de\/wp-content\/uploads\/2026\/04\/IMG_1905-rotated.jpeg\" alt=\"\" class=\"wp-image-8400\" srcset=\"https:\/\/ms-mil.de\/wp-content\/uploads\/2026\/04\/IMG_1905-rotated.jpeg 480w, https:\/\/ms-mil.de\/wp-content\/uploads\/2026\/04\/IMG_1905-225x300.jpeg 225w\" sizes=\"(max-width: 480px) 100vw, 480px\" \/><figcaption class=\"wp-element-caption\">Hier eines von vier fertigen Ergebnissen<\/figcaption><\/figure>\n","protected":false},"excerpt":{"rendered":"<p>Die Joachim und Susanne-Schulz-Stiftung aus Amorbach, die Firma Oswald und die Zimmerei Weimer aus Eichenb\u00fchl unterst\u00fctzen uns und planen zusammen mit unserer Technikgruppe 8 und dem Werklehrer Alexander H\u00f6ring vier neue B\u00e4nke f\u00fcr den Pausenhof. Nach der Planung und Zeichnung erfolgt die praktische Umsetzung in den Betriebsgeb\u00e4uden der Fa. Oswald und der Zimmerei. Hier wird <a href=\"https:\/\/ms-mil.de\/?p=8360\" class=\"more-link\">...weiterlesen<span class=\"screen-reader-text\"> \"Neue B\u00e4nke f\u00fcr den Pausenhof\"<\/span><\/a><\/p>\n","protected":false},"author":3,"featured_media":0,"comment_status":"closed","ping_status":"closed","sticky":false,"template":"","format":"standard","meta":[],"categories":[1],"tags":[],"_links":{"self":[{"href":"https:\/\/ms-mil.de\/index.php?rest_route=\/wp\/v2\/posts\/8360"}],"collection":[{"href":"https:\/\/ms-mil.de\/index.php?rest_route=\/wp\/v2\/posts"}],"about":[{"href":"https:\/\/ms-mil.de\/index.php?rest_route=\/wp\/v2\/types\/post"}],"author":[{"embeddable":true,"href":"https:\/\/ms-mil.de\/index.php?rest_route=\/wp\/v2\/users\/3"}],"replies":[{"embeddable":true,"href":"https:\/\/ms-mil.de\/index.php?rest_route=%2Fwp%2Fv2%2Fcomments&post=8360"}],"version-history":[{"count":8,"href":"https:\/\/ms-mil.de\/index.php?rest_route=\/wp\/v2\/posts\/8360\/revisions"}],"predecessor-version":[{"id":8401,"href":"https:\/\/ms-mil.de\/index.php?rest_route=\/wp\/v2\/posts\/8360\/revisions\/8401"}],"wp:attachment":[{"href":"https:\/\/ms-mil.de\/index.php?rest_route=%2Fwp%2Fv2%2Fmedia&parent=8360"}],"wp:term":[{"taxonomy":"category","embeddable":true,"href":"https:\/\/ms-mil.de\/index.php?rest_route=%2Fwp%2Fv2%2Fcategories&post=8360"},{"taxonomy":"post_tag","embeddable":true,"href":"https:\/\/ms-mil.de\/index.php?rest_route=%2Fwp%2Fv2%2Ftags&post=8360"}],"curies":[{"name":"wp","href":"https:\/\/api.w.org\/{rel}","templated":true}]}}